{"id":11164,"date":"2026-08-31T13:50:57","date_gmt":"2026-08-31T11:50:57","guid":{"rendered":"https:\/\/pogrebno.rs\/?p=11164"},"modified":"2026-08-31T13:53:27","modified_gmt":"2026-08-31T11:53:27","slug":"godisnja-akcija-obavestavanja-korisnika-o-isteku-naknade-za-koriscenje-grobnih-mesta","status":"publish","type":"post","link":"https:\/\/pogrebno.rs\/hr\/godisnja-akcija-obavestavanja-korisnika-o-isteku-naknade-za-koriscenje-grobnih-mesta\/","title":{"rendered":"Godi\u0161nja akcija obave\u0161tavanja korisnika o isteku naknade za kori\u0161\u0107enje grobnih mesta"},"content":{"rendered":"<div data-elementor-type=\"wp-post\" data-elementor-id=\"11164\" class=\"elementor elementor-11164\" data-elementor-post-type=\"post\">\n\t\t\t\t<div class=\"elementor-element elementor-element-107b1b6c e-flex e-con-boxed e-con e-parent\" data-id=\"107b1b6c\" data-element_type=\"container\" data-e-type=\"container\" data-settings=\"{&quot;background_background&quot;:&quot;classic&quot;}\">\n\t\t\t\t\t<div class=\"e-con-inner\">\n\t\t<div class=\"elementor-element elementor-element-3ccf398 e-con-full e-flex e-con e-child\" data-id=\"3ccf398\" data-element_type=\"container\" data-e-type=\"container\">\n\t\t<div class=\"elementor-element elementor-element-b5fbc5e e-grid e-con-full e-con e-child\" data-id=\"b5fbc5e\" data-element_type=\"container\" data-e-type=\"container\">\n\t\t\t\t<div class=\"elementor-element elementor-element-ba7aa4b elementor-widget__width-initial elementor-widget elementor-widget-image\" data-id=\"ba7aa4b\" data-element_type=\"widget\" data-e-type=\"widget\" data-widget_type=\"image.default\">\n\t\t\t\t<div class=\"elementor-widget-container\">\n\t\t\t\t\t\t\t\t\t\t\t\t\t\t\t<img fetchpriority=\"high\" decoding=\"async\" width=\"630\" height=\"275\" src=\"https:\/\/pogrebno.rs\/wp-content\/uploads\/2025\/05\/Ljiljan-levi.webp\" class=\"attachment-large size-large wp-image-97\" alt=\"\" srcset=\"https:\/\/pogrebno.rs\/wp-content\/uploads\/2025\/05\/Ljiljan-levi.webp 630w, https:\/\/pogrebno.rs\/wp-content\/uploads\/2025\/05\/Ljiljan-levi-300x131.webp 300w\" sizes=\"(max-width: 630px) 100vw, 630px\" \/>\t\t\t\t\t\t\t\t\t\t\t\t\t\t\t<\/div>\n\t\t\t\t<\/div>\n\t\t\t\t<div class=\"elementor-element elementor-element-d757ebb elementor-widget elementor-widget-heading\" data-id=\"d757ebb\" data-element_type=\"widget\" data-e-type=\"widget\" data-widget_type=\"heading.default\">\n\t\t\t\t<div class=\"elementor-widget-container\">\n\t\t\t\t\t<h2 class=\"elementor-heading-title elementor-size-default\">VIJESTI<\/h2>\t\t\t\t<\/div>\n\t\t\t\t<\/div>\n\t\t\t\t<div class=\"elementor-element elementor-element-83340bd elementor-widget-tablet__width-initial elementor-widget-mobile__width-initial elementor-widget elementor-widget-image\" data-id=\"83340bd\" data-element_type=\"widget\" data-e-type=\"widget\" data-widget_type=\"image.default\">\n\t\t\t\t<div class=\"elementor-widget-container\">\n\t\t\t\t\t\t\t\t\t\t\t\t\t\t\t<img decoding=\"async\" width=\"631\" height=\"275\" src=\"https:\/\/pogrebno.rs\/wp-content\/uploads\/2025\/05\/Ljiljan-desni.webp\" class=\"attachment-large size-large wp-image-98\" alt=\"\" srcset=\"https:\/\/pogrebno.rs\/wp-content\/uploads\/2025\/05\/Ljiljan-desni.webp 631w, https:\/\/pogrebno.rs\/wp-content\/uploads\/2025\/05\/Ljiljan-desni-300x131.webp 300w\" sizes=\"(max-width: 631px) 100vw, 631px\" \/>\t\t\t\t\t\t\t\t\t\t\t\t\t\t\t<\/div>\n\t\t\t\t<\/div>\n\t\t\t\t<\/div>\n\t\t\t\t<\/div>\n\t\t<div class=\"elementor-element elementor-element-2bb826c e-con-full e-flex e-con e-child\" data-id=\"2bb826c\" data-element_type=\"container\" data-e-type=\"container\">\n\t\t\t\t<div class=\"elementor-element elementor-element-23212cf elementor-widget elementor-widget-heading\" data-id=\"23212cf\" data-element_type=\"widget\" data-e-type=\"widget\" data-widget_type=\"heading.default\">\n\t\t\t\t<div class=\"elementor-widget-container\">\n\t\t\t\t\t<h2 class=\"elementor-heading-title elementor-size-default\">Godi\u0161nja akcija obave\u0161tavanja korisnika o isteku naknade za kori\u0161\u0107enje grobnih mesta<\/h2>\t\t\t\t<\/div>\n\t\t\t\t<\/div>\n\t\t\t\t<div class=\"elementor-element elementor-element-5cc13e4 elementor-widget elementor-widget-tp-post-meta\" data-id=\"5cc13e4\" data-element_type=\"widget\" data-e-type=\"widget\" data-widget_type=\"tp-post-meta.default\">\n\t\t\t\t<div class=\"elementor-widget-container\">\n\t\t\t\t\t<div class=\"tp-post-meta-info tp-meta-layout-1\" ><div class=\"tp-post-meta-info-inner\"><span class=\"tp-meta-date\" ><span class=\"tp-meta-date-label tp-meta-label\" ><\/span><a class=\"tp-meta-value\" href=\"https:\/\/pogrebno.rs\/hr\/godisnja-akcija-obavestavanja-korisnika-o-isteku-naknade-za-koriscenje-grobnih-mesta\/\">31.08.2026<\/a><\/span><span class=\"tp-meta-author\" ><span class=\"tp-meta-author-label tp-meta-label\" >By<\/span><a class=\"tp-meta-value\" href=\"https:\/\/pogrebno.rs\/hr\/author\/jkp-pogrebno\/\" rel=\"author\">JKP Pogrebno<\/a><\/span><\/div><\/div>\t\t\t\t<\/div>\n\t\t\t\t<\/div>\n\t\t\t\t<div class=\"elementor-element elementor-element-b829a77 elementor-widget elementor-widget-text-editor\" data-id=\"b829a77\" data-element_type=\"widget\" data-e-type=\"widget\" data-widget_type=\"text-editor.default\">\n\t\t\t\t<div class=\"elementor-widget-container\">\n\t\t\t\t\t\t\t\t\t<p class=\"translation-block\">Javno komunalno poduze\u0107e \u201ePogrebno\u201d Subotica zapo\u010dinje redovitu godi\u0161nju akciju obavje\u0161tavanja korisnika kojima <strong>naknada za kori\u0161tenje grobnih mjesta istje\u010de do kraja 2026. godine<\/strong>. Tijekom ove tradicionalne akcije, poduze\u0107e \u0107e na raspolo\u017eive ku\u0107ne adrese dostaviti obavijesti korisnicima grobnica i op\u0107ih grobova (raka), s pozivom da se odazovu i <strong>izvr\u0161e uplatu naknade do kraja teku\u0107e godine<\/strong>.<\/p>\n<p class=\"translation-block\">U okviru ovogodi\u0161nje akcije, koja slu\u017ebeno <strong>po\u010dinje 1. rujna 2026. godine<\/strong>, planirano je slanje ukupno <strong>600 obavijesti korisnicima grobnica i 650 obavijesti za op\u0107e grobove (rake)<\/strong>.<\/p>\n<p>\u00a0<\/p>\n<p>Uplate naknade se mogu izvr\u0161iti:<\/p>\n<ul>\n<li class=\"translation-block\"><strong>Osobno na blagajni poduze\u0107a<\/strong> u poslovnim prostorijama u sjedi\u0161tu, na adresi Trg \u017ertava fa\u0161izma broj 1., radnim danima od 8:00 do 16:00 sati, kao i subotom od 8:00 do 12:00 sati.\n\u2022 Uplatnicom na teku\u0107i ra\u010dun poduze\u0107a 200-2387560102029-02 (podaci o pozivu na broj bit \u0107e navedeni na samoj obavijesti).<\/li>\n<li class=\"translation-block\"><strong>Uplatnicom<\/strong> na teku\u0107i ra\u010dun preduze\u0107a 200-2387560102029-02 (podaci o pozivu na broj bi\u0107e navedeni na samom obave\u0161tenju).<\/li>\n<\/ul>\n<p><strong>Sugeriramo rok za uplatu do 18. prosinca 2026. godine.<\/strong><\/p>\n<p class=\"translation-block\">Za sve dodatne informacije i provjeru uplate naknade, te statusa grobnog mjesta, posjetite internetsku stranicu poduze\u0107a <a href=\"https:\/\/pogrebno.rs\/hr\/pretrage\/\" target=\"_self\">https:\/\/pogrebno.rs\/pretrage\/<\/a>  gdje su svi podaci grobne evidencije dostupni on-line.<\/p>\t\t\t\t\t\t\t\t<\/div>\n\t\t\t\t<\/div>\n\t\t<div class=\"elementor-element elementor-element-04a1f31 e-con-full e-flex e-con e-child\" data-id=\"04a1f31\" data-element_type=\"container\" data-e-type=\"container\">\n\t\t\t\t<div class=\"elementor-element elementor-element-a51c963 elementor-widget elementor-widget-image\" data-id=\"a51c963\" data-element_type=\"widget\" data-e-type=\"widget\" data-widget_type=\"image.default\">\n\t\t\t\t<div class=\"elementor-widget-container\">\n\t\t\t\t\t\t\t\t\t\t\t\t\t\t\t<img decoding=\"async\" width=\"800\" height=\"600\" src=\"https:\/\/pogrebno.rs\/wp-content\/uploads\/2026\/08\/Nova-staza-Bajsko-072026.webp\" class=\"attachment-large size-large wp-image-11168\" alt=\"\" srcset=\"https:\/\/pogrebno.rs\/wp-content\/uploads\/2026\/08\/Nova-staza-Bajsko-072026.webp 1024w, https:\/\/pogrebno.rs\/wp-content\/uploads\/2026\/08\/Nova-staza-Bajsko-072026-300x225.webp 300w, https:\/\/pogrebno.rs\/wp-content\/uploads\/2026\/08\/Nova-staza-Bajsko-072026-768x576.webp 768w, https:\/\/pogrebno.rs\/wp-content\/uploads\/2026\/08\/Nova-staza-Bajsko-072026-16x12.webp 16w\" sizes=\"(max-width: 800px) 100vw, 800px\" \/>\t\t\t\t\t\t\t\t\t\t\t\t\t\t\t<\/div>\n\t\t\t\t<\/div>\n\t\t\t\t<\/div>\n\t\t\t\t<\/div>\n\t\t\t\t\t<\/div>\n\t\t\t\t<\/div>\n\t\t\t\t<\/div>","protected":false},"excerpt":{"rendered":"<p>VESTI Godi\u0161nja akcija obave\u0161tavanja korisnika o isteku naknade za kori\u0161\u0107enje grobnih mesta 31.08.2026ByJKP Pogrebno Javno komunalno preduze\u0107e \u201cPogrebno\u201d Subotica zapo\u010dinje redovnu godi\u0161nju akciju obave\u0161tavanja korisnika kojima naknada za kori\u0161\u0107enje grobnih mesta isti\u010de do kraja 2026. godine. Tokom ove tradicionalne akcije, preduze\u0107e \u0107e na raspolo\u017eive ku\u0107ne adrese dostaviti obave\u0161tenja korisnicima grobnica i op\u0161tih grobova (raka), sa [&hellip;]<\/p>\n","protected":false},"author":5,"featured_media":11168,"comment_status":"closed","ping_status":"closed","sticky":false,"template":"","format":"standard","meta":{"_acf_changed":false,"_eb_attr":"","footnotes":""},"categories":[16],"tags":[],"kategorija_dokumenata":[],"class_list":["post-11164","post","type-post","status-publish","format-standard","has-post-thumbnail","hentry","category-vesti"],"acf":[],"_links":{"self":[{"href":"https:\/\/pogrebno.rs\/hr\/wp-json\/wp\/v2\/posts\/11164","targetHints":{"allow":["GET"]}}],"collection":[{"href":"https:\/\/pogrebno.rs\/hr\/wp-json\/wp\/v2\/posts"}],"about":[{"href":"https:\/\/pogrebno.rs\/hr\/wp-json\/wp\/v2\/types\/post"}],"author":[{"embeddable":true,"href":"https:\/\/pogrebno.rs\/hr\/wp-json\/wp\/v2\/users\/5"}],"replies":[{"embeddable":true,"href":"https:\/\/pogrebno.rs\/hr\/wp-json\/wp\/v2\/comments?post=11164"}],"version-history":[{"count":5,"href":"https:\/\/pogrebno.rs\/hr\/wp-json\/wp\/v2\/posts\/11164\/revisions"}],"predecessor-version":[{"id":11172,"href":"https:\/\/pogrebno.rs\/hr\/wp-json\/wp\/v2\/posts\/11164\/revisions\/11172"}],"wp:featuredmedia":[{"embeddable":true,"href":"https:\/\/pogrebno.rs\/hr\/wp-json\/wp\/v2\/media\/11168"}],"wp:attachment":[{"href":"https:\/\/pogrebno.rs\/hr\/wp-json\/wp\/v2\/media?parent=11164"}],"wp:term":[{"taxonomy":"category","embeddable":true,"href":"https:\/\/pogrebno.rs\/hr\/wp-json\/wp\/v2\/categories?post=11164"},{"taxonomy":"post_tag","embeddable":true,"href":"https:\/\/pogrebno.rs\/hr\/wp-json\/wp\/v2\/tags?post=11164"},{"taxonomy":"kategorija_dokumenata","embeddable":true,"href":"https:\/\/pogrebno.rs\/hr\/wp-json\/wp\/v2\/kategorija_dokumenata?post=11164"}],"curies":[{"name":"wp","href":"https:\/\/api.w.org\/{rel}","templated":true}]}}