{"id":11164,"date":"2026-08-31T13:50:57","date_gmt":"2026-08-31T11:50:57","guid":{"rendered":"https:\/\/pogrebno.rs\/?p=11164"},"modified":"2026-08-31T13:53:27","modified_gmt":"2026-08-31T11:53:27","slug":"godisnja-akcija-obavestavanja-korisnika-o-isteku-naknade-za-koriscenje-grobnih-mesta","status":"publish","type":"post","link":"https:\/\/pogrebno.rs\/hu\/godisnja-akcija-obavestavanja-korisnika-o-isteku-naknade-za-koriscenje-grobnih-mesta\/","title":{"rendered":"\u00c9ves int\u00e9zked\u00e9s a felhaszn\u00e1l\u00f3k t\u00e1j\u00e9koztat\u00e1s\u00e1ra a s\u00edrhelyek haszn\u00e1lati d\u00edj\u00e1nak lej\u00e1rt\u00e1r\u00f3l"},"content":{"rendered":"<div data-elementor-type=\"wp-post\" data-elementor-id=\"11164\" class=\"elementor elementor-11164\" data-elementor-post-type=\"post\">\n\t\t\t\t<div class=\"elementor-element elementor-element-107b1b6c e-flex e-con-boxed e-con e-parent\" data-id=\"107b1b6c\" data-element_type=\"container\" data-e-type=\"container\" data-settings=\"{&quot;background_background&quot;:&quot;classic&quot;}\">\n\t\t\t\t\t<div class=\"e-con-inner\">\n\t\t<div class=\"elementor-element elementor-element-3ccf398 e-con-full e-flex e-con e-child\" data-id=\"3ccf398\" data-element_type=\"container\" data-e-type=\"container\">\n\t\t<div class=\"elementor-element elementor-element-b5fbc5e e-grid e-con-full e-con e-child\" data-id=\"b5fbc5e\" data-element_type=\"container\" data-e-type=\"container\">\n\t\t\t\t<div class=\"elementor-element elementor-element-ba7aa4b elementor-widget__width-initial elementor-widget elementor-widget-image\" data-id=\"ba7aa4b\" data-element_type=\"widget\" data-e-type=\"widget\" data-widget_type=\"image.default\">\n\t\t\t\t<div class=\"elementor-widget-container\">\n\t\t\t\t\t\t\t\t\t\t\t\t\t\t\t<img fetchpriority=\"high\" decoding=\"async\" width=\"630\" height=\"275\" src=\"https:\/\/pogrebno.rs\/wp-content\/uploads\/2025\/05\/Ljiljan-levi.webp\" class=\"attachment-large size-large wp-image-97\" alt=\"\" srcset=\"https:\/\/pogrebno.rs\/wp-content\/uploads\/2025\/05\/Ljiljan-levi.webp 630w, https:\/\/pogrebno.rs\/wp-content\/uploads\/2025\/05\/Ljiljan-levi-300x131.webp 300w\" sizes=\"(max-width: 630px) 100vw, 630px\" \/>\t\t\t\t\t\t\t\t\t\t\t\t\t\t\t<\/div>\n\t\t\t\t<\/div>\n\t\t\t\t<div class=\"elementor-element elementor-element-d757ebb elementor-widget elementor-widget-heading\" data-id=\"d757ebb\" data-element_type=\"widget\" data-e-type=\"widget\" data-widget_type=\"heading.default\">\n\t\t\t\t<div class=\"elementor-widget-container\">\n\t\t\t\t\t<h2 class=\"elementor-heading-title elementor-size-default\">H\u00cdREK<\/h2>\t\t\t\t<\/div>\n\t\t\t\t<\/div>\n\t\t\t\t<div class=\"elementor-element elementor-element-83340bd elementor-widget-tablet__width-initial elementor-widget-mobile__width-initial elementor-widget elementor-widget-image\" data-id=\"83340bd\" data-element_type=\"widget\" data-e-type=\"widget\" data-widget_type=\"image.default\">\n\t\t\t\t<div class=\"elementor-widget-container\">\n\t\t\t\t\t\t\t\t\t\t\t\t\t\t\t<img decoding=\"async\" width=\"631\" height=\"275\" src=\"https:\/\/pogrebno.rs\/wp-content\/uploads\/2025\/05\/Ljiljan-desni.webp\" class=\"attachment-large size-large wp-image-98\" alt=\"\" srcset=\"https:\/\/pogrebno.rs\/wp-content\/uploads\/2025\/05\/Ljiljan-desni.webp 631w, https:\/\/pogrebno.rs\/wp-content\/uploads\/2025\/05\/Ljiljan-desni-300x131.webp 300w\" sizes=\"(max-width: 631px) 100vw, 631px\" \/>\t\t\t\t\t\t\t\t\t\t\t\t\t\t\t<\/div>\n\t\t\t\t<\/div>\n\t\t\t\t<\/div>\n\t\t\t\t<\/div>\n\t\t<div class=\"elementor-element elementor-element-2bb826c e-con-full e-flex e-con e-child\" data-id=\"2bb826c\" data-element_type=\"container\" data-e-type=\"container\">\n\t\t\t\t<div class=\"elementor-element elementor-element-23212cf elementor-widget elementor-widget-heading\" data-id=\"23212cf\" data-element_type=\"widget\" data-e-type=\"widget\" data-widget_type=\"heading.default\">\n\t\t\t\t<div class=\"elementor-widget-container\">\n\t\t\t\t\t<h2 class=\"elementor-heading-title elementor-size-default\">\u00c9ves int\u00e9zked\u00e9s a felhaszn\u00e1l\u00f3k t\u00e1j\u00e9koztat\u00e1s\u00e1ra a s\u00edrhelyek haszn\u00e1lati d\u00edj\u00e1nak lej\u00e1rt\u00e1r\u00f3l<\/h2>\t\t\t\t<\/div>\n\t\t\t\t<\/div>\n\t\t\t\t<div class=\"elementor-element elementor-element-5cc13e4 elementor-widget elementor-widget-tp-post-meta\" data-id=\"5cc13e4\" data-element_type=\"widget\" data-e-type=\"widget\" data-widget_type=\"tp-post-meta.default\">\n\t\t\t\t<div class=\"elementor-widget-container\">\n\t\t\t\t\t<div class=\"tp-post-meta-info tp-meta-layout-1\" ><div class=\"tp-post-meta-info-inner\"><span class=\"tp-meta-date\" ><span class=\"tp-meta-date-label tp-meta-label\" ><\/span><a class=\"tp-meta-value\" href=\"https:\/\/pogrebno.rs\/hu\/godisnja-akcija-obavestavanja-korisnika-o-isteku-naknade-za-koriscenje-grobnih-mesta\/\">2026.08.31<\/a><\/span><span class=\"tp-meta-author\" ><span class=\"tp-meta-author-label tp-meta-label\" >\u00cdrta:<\/span><a class=\"tp-meta-value\" href=\"https:\/\/pogrebno.rs\/hu\/author\/jkp-pogrebno\/\" rel=\"author\">Pogrebno TKK<\/a><\/span><\/div><\/div>\t\t\t\t<\/div>\n\t\t\t\t<\/div>\n\t\t\t\t<div class=\"elementor-element elementor-element-b829a77 elementor-widget elementor-widget-text-editor\" data-id=\"b829a77\" data-element_type=\"widget\" data-e-type=\"widget\" data-widget_type=\"text-editor.default\">\n\t\t\t\t<div class=\"elementor-widget-container\">\n\t\t\t\t\t\t\t\t\t<p class=\"translation-block\">A szabadkai Pogrebno Temetkez\u00e9si Kommun\u00e1lis K\u00f6zv\u00e1llalat megkezdi \u00e9ves t\u00e1j\u00e9koztat\u00f3 akci\u00f3j\u00e1t azon felhaszn\u00e1l\u00f3k sz\u00e1m\u00e1ra, <strong>akiknek a s\u00edrhely haszn\u00e1lati d\u00edja 2026 v\u00e9g\u00e9ig lej\u00e1r<\/strong>. Ennek keret\u00e9ben a v\u00e1llalat a rendelkez\u00e9sre \u00e1ll\u00f3 lakc\u00edmekre \u00e9rtes\u00edt\u00e9st k\u00fcld a s\u00edrboltok (kript\u00e1k) \u00e9s a s\u00edrhelyek (s\u00edrhalmok) haszn\u00e1l\u00f3inak, t\u00e1j\u00e9koztatva \u0151ket, hogy a <strong>foly\u00f3 \u00e9v v\u00e9g\u00e9ig tegy\u00e9k meg a sz\u00fcks\u00e9ges l\u00e9p\u00e9seket a befizet\u00e9sekkel kapcsolatban<\/strong>.<\/p>\n<p class=\"translation-block\">A hivatalosan <strong>2026. szeptember 1-j\u00e9n kezd\u0151d\u0151 akci\u00f3<\/strong> keret\u00e9ben a tervek szerint \u00f6sszesen 600 \u00e9rtes\u00edt\u00e9st k\u00fcldenek ki a s\u00edrboltok, \u00e9s 650 \u00e9rtes\u00edt\u00e9st a s\u00edrhelyek (s\u00edrhalmok) haszn\u00e1l\u00f3inak.<\/p>\n<p>\u00a0<\/p>\n<p>A haszn\u00e1lati d\u00edj befizet\u00e9se az al\u00e1bbi m\u00f3don t\u00f6rt\u00e9nhet:<\/p>\n<ul>\n<li class=\"translation-block\"><strong>Szem\u00e9lyesen<\/strong>, a v\u00e1llalat \u00fczlethelyis\u00e9g\u00e9ben (a Fasizmus \u00e1ldozatainak tere 1. sz\u00e1m alatt), munkanapokon 8:00 \u00e9s 16:00 \u00f3ra, valamint szombaton 8:00 \u00e9s 12:00 \u00f3ra k\u00f6z\u00f6tt.<\/li>\n<li class=\"translation-block\"><strong>\u00c1tutal\u00e1ssal<\/strong>, a v\u00e1llalat 200-2387560102029-02 sz\u00e1m\u00fa foly\u00f3sz\u00e1ml\u00e1j\u00e1ra (a hivatkoz\u00e1si sz\u00e1mra vonatkoz\u00f3 adatok az \u00e9rtes\u00edt\u00e9sben szerepelnek).<\/li>\n<\/ul>\n<p><strong>A befizet\u00e9s javasolt hat\u00e1rideje: 2026. december 18.<\/strong><\/p>\n<p class=\"translation-block\">A v\u00e1llalat weboldal\u00e1nak https:\/\/pogrebno.rs\/hu\/pretrage\/ linkj\u00e9re kattintva online is leellen\u0151rizheti egyenleg\u00e9t, vagy lek\u00e9rdezheti a s\u00edrhellyel kapcsolatos adatokat.<\/p>\t\t\t\t\t\t\t\t<\/div>\n\t\t\t\t<\/div>\n\t\t<div class=\"elementor-element elementor-element-04a1f31 e-con-full e-flex e-con e-child\" data-id=\"04a1f31\" data-element_type=\"container\" data-e-type=\"container\">\n\t\t\t\t<div class=\"elementor-element elementor-element-a51c963 elementor-widget elementor-widget-image\" data-id=\"a51c963\" data-element_type=\"widget\" data-e-type=\"widget\" data-widget_type=\"image.default\">\n\t\t\t\t<div class=\"elementor-widget-container\">\n\t\t\t\t\t\t\t\t\t\t\t\t\t\t\t<img decoding=\"async\" width=\"800\" height=\"600\" src=\"https:\/\/pogrebno.rs\/wp-content\/uploads\/2026\/08\/Nova-staza-Bajsko-072026.webp\" class=\"attachment-large size-large wp-image-11168\" alt=\"\" srcset=\"https:\/\/pogrebno.rs\/wp-content\/uploads\/2026\/08\/Nova-staza-Bajsko-072026.webp 1024w, https:\/\/pogrebno.rs\/wp-content\/uploads\/2026\/08\/Nova-staza-Bajsko-072026-300x225.webp 300w, https:\/\/pogrebno.rs\/wp-content\/uploads\/2026\/08\/Nova-staza-Bajsko-072026-768x576.webp 768w, https:\/\/pogrebno.rs\/wp-content\/uploads\/2026\/08\/Nova-staza-Bajsko-072026-16x12.webp 16w\" sizes=\"(max-width: 800px) 100vw, 800px\" \/>\t\t\t\t\t\t\t\t\t\t\t\t\t\t\t<\/div>\n\t\t\t\t<\/div>\n\t\t\t\t<\/div>\n\t\t\t\t<\/div>\n\t\t\t\t\t<\/div>\n\t\t\t\t<\/div>\n\t\t\t\t<\/div>","protected":false},"excerpt":{"rendered":"<p>VESTI Godi\u0161nja akcija obave\u0161tavanja korisnika o isteku naknade za kori\u0161\u0107enje grobnih mesta 31.08.2026ByJKP Pogrebno Javno komunalno preduze\u0107e \u201cPogrebno\u201d Subotica zapo\u010dinje redovnu godi\u0161nju akciju obave\u0161tavanja korisnika kojima naknada za kori\u0161\u0107enje grobnih mesta isti\u010de do kraja 2026. godine. Tokom ove tradicionalne akcije, preduze\u0107e \u0107e na raspolo\u017eive ku\u0107ne adrese dostaviti obave\u0161tenja korisnicima grobnica i op\u0161tih grobova (raka), sa [&hellip;]<\/p>\n","protected":false},"author":5,"featured_media":11168,"comment_status":"closed","ping_status":"closed","sticky":false,"template":"","format":"standard","meta":{"_acf_changed":false,"_eb_attr":"","footnotes":""},"categories":[16],"tags":[],"kategorija_dokumenata":[],"class_list":["post-11164","post","type-post","status-publish","format-standard","has-post-thumbnail","hentry","category-vesti"],"acf":[],"_links":{"self":[{"href":"https:\/\/pogrebno.rs\/hu\/wp-json\/wp\/v2\/posts\/11164","targetHints":{"allow":["GET"]}}],"collection":[{"href":"https:\/\/pogrebno.rs\/hu\/wp-json\/wp\/v2\/posts"}],"about":[{"href":"https:\/\/pogrebno.rs\/hu\/wp-json\/wp\/v2\/types\/post"}],"author":[{"embeddable":true,"href":"https:\/\/pogrebno.rs\/hu\/wp-json\/wp\/v2\/users\/5"}],"replies":[{"embeddable":true,"href":"https:\/\/pogrebno.rs\/hu\/wp-json\/wp\/v2\/comments?post=11164"}],"version-history":[{"count":5,"href":"https:\/\/pogrebno.rs\/hu\/wp-json\/wp\/v2\/posts\/11164\/revisions"}],"predecessor-version":[{"id":11172,"href":"https:\/\/pogrebno.rs\/hu\/wp-json\/wp\/v2\/posts\/11164\/revisions\/11172"}],"wp:featuredmedia":[{"embeddable":true,"href":"https:\/\/pogrebno.rs\/hu\/wp-json\/wp\/v2\/media\/11168"}],"wp:attachment":[{"href":"https:\/\/pogrebno.rs\/hu\/wp-json\/wp\/v2\/media?parent=11164"}],"wp:term":[{"taxonomy":"category","embeddable":true,"href":"https:\/\/pogrebno.rs\/hu\/wp-json\/wp\/v2\/categories?post=11164"},{"taxonomy":"post_tag","embeddable":true,"href":"https:\/\/pogrebno.rs\/hu\/wp-json\/wp\/v2\/tags?post=11164"},{"taxonomy":"kategorija_dokumenata","embeddable":true,"href":"https:\/\/pogrebno.rs\/hu\/wp-json\/wp\/v2\/kategorija_dokumenata?post=11164"}],"curies":[{"name":"wp","href":"https:\/\/api.w.org\/{rel}","templated":true}]}}