{"id":2106,"date":"2025-09-07T22:54:39","date_gmt":"2025-09-07T20:54:39","guid":{"rendered":"https:\/\/pogrebno.rs\/?p=2106"},"modified":"2025-10-09T19:27:28","modified_gmt":"2025-10-09T17:27:28","slug":"sve-na-jednom-mestu","status":"publish","type":"post","link":"https:\/\/pogrebno.rs\/hu\/sve-na-jednom-mestu\/","title":{"rendered":"MINDEN EGY HELYEN"},"content":{"rendered":"<div data-elementor-type=\"wp-post\" data-elementor-id=\"2106\" class=\"elementor elementor-2106\" data-elementor-post-type=\"post\">\n\t\t\t\t<div class=\"elementor-element elementor-element-43c63dc8 e-con-full e-flex e-con e-parent\" data-id=\"43c63dc8\" data-element_type=\"container\" data-e-type=\"container\" data-settings=\"{&quot;background_background&quot;:&quot;classic&quot;}\">\n\t\t<div class=\"elementor-element elementor-element-9c57418 e-con-full e-flex e-con e-child\" data-id=\"9c57418\" data-element_type=\"container\" data-e-type=\"container\">\n\t\t<div class=\"elementor-element elementor-element-d69df13 e-grid e-con-full e-con e-child\" data-id=\"d69df13\" data-element_type=\"container\" data-e-type=\"container\">\n\t\t\t\t<div class=\"elementor-element elementor-element-c362c27 elementor-widget__width-initial elementor-widget elementor-widget-image\" data-id=\"c362c27\" data-element_type=\"widget\" data-e-type=\"widget\" data-widget_type=\"image.default\">\n\t\t\t\t<div class=\"elementor-widget-container\">\n\t\t\t\t\t\t\t\t\t\t\t\t\t\t\t<img fetchpriority=\"high\" decoding=\"async\" width=\"630\" height=\"275\" src=\"https:\/\/pogrebno.rs\/wp-content\/uploads\/2025\/05\/Ljiljan-levi.webp\" class=\"attachment-large size-large wp-image-97\" alt=\"\" srcset=\"https:\/\/pogrebno.rs\/wp-content\/uploads\/2025\/05\/Ljiljan-levi.webp 630w, https:\/\/pogrebno.rs\/wp-content\/uploads\/2025\/05\/Ljiljan-levi-300x131.webp 300w\" sizes=\"(max-width: 630px) 100vw, 630px\" \/>\t\t\t\t\t\t\t\t\t\t\t\t\t\t\t<\/div>\n\t\t\t\t<\/div>\n\t\t\t\t<div class=\"elementor-element elementor-element-4669648 elementor-widget elementor-widget-heading\" data-id=\"4669648\" data-element_type=\"widget\" data-e-type=\"widget\" data-widget_type=\"heading.default\">\n\t\t\t\t<div class=\"elementor-widget-container\">\n\t\t\t\t\t<h2 class=\"elementor-heading-title elementor-size-default\">H\u00cdREK<\/h2>\t\t\t\t<\/div>\n\t\t\t\t<\/div>\n\t\t\t\t<div class=\"elementor-element elementor-element-b8c3b3f elementor-widget-tablet__width-initial elementor-widget-mobile__width-initial elementor-widget elementor-widget-image\" data-id=\"b8c3b3f\" data-element_type=\"widget\" data-e-type=\"widget\" data-widget_type=\"image.default\">\n\t\t\t\t<div class=\"elementor-widget-container\">\n\t\t\t\t\t\t\t\t\t\t\t\t\t\t\t<img decoding=\"async\" width=\"631\" height=\"275\" src=\"https:\/\/pogrebno.rs\/wp-content\/uploads\/2025\/05\/Ljiljan-desni.webp\" class=\"attachment-large size-large wp-image-98\" alt=\"\" srcset=\"https:\/\/pogrebno.rs\/wp-content\/uploads\/2025\/05\/Ljiljan-desni.webp 631w, https:\/\/pogrebno.rs\/wp-content\/uploads\/2025\/05\/Ljiljan-desni-300x131.webp 300w\" sizes=\"(max-width: 631px) 100vw, 631px\" \/>\t\t\t\t\t\t\t\t\t\t\t\t\t\t\t<\/div>\n\t\t\t\t<\/div>\n\t\t\t\t<\/div>\n\t\t\t\t<\/div>\n\t\t<div class=\"elementor-element elementor-element-413a342 e-con-full e-flex e-con e-child\" data-id=\"413a342\" data-element_type=\"container\" data-e-type=\"container\" data-settings=\"{&quot;background_background&quot;:&quot;classic&quot;}\">\n\t\t\t\t<div class=\"elementor-element elementor-element-151ec48 elementor-widget elementor-widget-heading\" data-id=\"151ec48\" data-element_type=\"widget\" data-e-type=\"widget\" data-widget_type=\"heading.default\">\n\t\t\t\t<div class=\"elementor-widget-container\">\n\t\t\t\t\t<h2 class=\"elementor-heading-title elementor-size-default\">MINDEN EGY HELYEN<\/h2>\t\t\t\t<\/div>\n\t\t\t\t<\/div>\n\t\t\t\t<div class=\"elementor-element elementor-element-526eeec elementor-widget elementor-widget-tp-post-meta\" data-id=\"526eeec\" data-element_type=\"widget\" data-e-type=\"widget\" data-widget_type=\"tp-post-meta.default\">\n\t\t\t\t<div class=\"elementor-widget-container\">\n\t\t\t\t\t<div class=\"tp-post-meta-info tp-meta-layout-1\" ><div class=\"tp-post-meta-info-inner\"><span class=\"tp-meta-date\" ><span class=\"tp-meta-date-label tp-meta-label\" ><\/span><a class=\"tp-meta-value\" href=\"https:\/\/pogrebno.rs\/hu\/sve-na-jednom-mestu\/\">2025.09.07<\/a><\/span><span class=\"tp-meta-author\" ><span class=\"tp-meta-author-label tp-meta-label\" >\u00cdrta:<\/span><a class=\"tp-meta-value\" href=\"https:\/\/pogrebno.rs\/hu\/author\/\" rel=\"author\">Pogrebno TKK<\/a><\/span><\/div><\/div>\t\t\t\t<\/div>\n\t\t\t\t<\/div>\n\t\t\t\t<div class=\"elementor-element elementor-element-297711e1 elementor-widget elementor-widget-text-editor\" data-id=\"297711e1\" data-element_type=\"widget\" data-e-type=\"widget\" data-widget_type=\"text-editor.default\">\n\t\t\t\t<div class=\"elementor-widget-container\">\n\t\t\t\t\t\t\t\t\t\n<p>A szabadkai Pogrebno Temetkez\u00e9si Kommun\u00e1lis K\u00f6zv\u00e1llalat teljesk\u00f6r\u0171 temetkez\u00e9si szolg\u00e1ltat\u00e1st ny\u00fajt.\nA c\u00e9g munkat\u00e1rsai minden sz\u00fcks\u00e9ges inform\u00e1ci\u00f3val ell\u00e1tj\u00e1k \u00d6nt az elhunyt temet\u00e9s\u00e9hez sz\u00fcks\u00e9ges dokument\u00e1ci\u00f3 \u00f6sszegy\u0171jt\u00e9s\u00e9vel kapcsolatban, t\u00e1j\u00e9koztatj\u00e1k a k\u00f6lts\u00e9gekr\u0151l \u00e9s az el\u00e9rhet\u0151 kedvezm\u00e9nyekr\u0151l, sz\u00e9les v\u00e1laszt\u00e9kot k\u00edn\u00e1lnak temetkez\u00e9si kell\u00e9kekb\u0151l, id\u0151pontot egyeztetnek a temet\u00e9sre, gondoskodnak az elhunyt sz\u00e1ll\u00edt\u00e1s\u00e1r\u00f3l \u00e9s a temetkez\u00e9si helyr\u0151l, azaz megszervezik a szertart\u00e1st.<\/p>\n<p>A fent eml\u00edtett szolg\u00e1ltat\u00e1sokat a lehet\u0151 legr\u00f6videbb id\u0151n bel\u00fcl elv\u00e9gezz\u00fck, tiszteletben tartva az elhunyt ir\u00e1nti tiszteletet, a hozz\u00e1tartoz\u00f3k \u00e9rz\u00e9seit, valamint a temetkez\u00e9si hagyom\u00e1nyokat \u00e9s kult\u00far\u00e1t.<\/p>\n<p>Hal\u00e1leset bejelent\u00e9s\u00e9vel, vagy a hal\u00e1lesetekkel kapcsolatos k\u00e9rd\u00e9sekkel a 024 66 55 44 \u00e9s a 062 66 55 40 (h\u00edv\u00e1s\/Viber\/WhatsApp) sz\u00e1mokon \u00fcgyeletes koll\u00e9g\u00e1ink a nap 24 \u00f3r\u00e1j\u00e1ban el\u00e9rhet\u0151k.<\/p>\n\n<p>\u00a0<\/p>\n\t\t\t\t\t\t\t\t<\/div>\n\t\t\t\t<\/div>\n\t\t\t\t<\/div>\n\t\t\t\t<\/div>\n\t\t\t\t<\/div>","protected":false},"excerpt":{"rendered":"<p>VESTI SVE NA JEDNOM MESTU 07.09.2025ByJKP Pogrebno Javno komunalno preduze\u0107e \u201ePogrebno\u201c Subotica je organizovano tako da korisnicima mo\u017ee pru\u017eiti kompletne pogrebne usluge. Zaposleni preduze\u0107a \u0107e Vam dati sve neophodne informacije vezane za prikupljanje potrebne dokumentacije za sahranjivanje pokojnika, obavestiti Vas o tro\u0161kovima i umanjenjima koja su mogu\u0107a, ponuditi Vam \u0161irok izbor pogrebne opreme, zakazati termin [&hellip;]<\/p>\n","protected":false},"author":5,"featured_media":2852,"comment_status":"closed","ping_status":"closed","sticky":false,"template":"elementor_header_footer","format":"standard","meta":{"_acf_changed":false,"_eb_attr":"","footnotes":""},"categories":[16],"tags":[],"kategorija_dokumenata":[],"class_list":["post-2106","post","type-post","status-publish","format-standard","has-post-thumbnail","hentry","category-vesti"],"acf":[],"_links":{"self":[{"href":"https:\/\/pogrebno.rs\/hu\/wp-json\/wp\/v2\/posts\/2106","targetHints":{"allow":["GET"]}}],"collection":[{"href":"https:\/\/pogrebno.rs\/hu\/wp-json\/wp\/v2\/posts"}],"about":[{"href":"https:\/\/pogrebno.rs\/hu\/wp-json\/wp\/v2\/types\/post"}],"author":[{"embeddable":true,"href":"https:\/\/pogrebno.rs\/hu\/wp-json\/wp\/v2\/users\/5"}],"replies":[{"embeddable":true,"href":"https:\/\/pogrebno.rs\/hu\/wp-json\/wp\/v2\/comments?post=2106"}],"version-history":[{"count":25,"href":"https:\/\/pogrebno.rs\/hu\/wp-json\/wp\/v2\/posts\/2106\/revisions"}],"predecessor-version":[{"id":4744,"href":"https:\/\/pogrebno.rs\/hu\/wp-json\/wp\/v2\/posts\/2106\/revisions\/4744"}],"wp:featuredmedia":[{"embeddable":true,"href":"https:\/\/pogrebno.rs\/hu\/wp-json\/wp\/v2\/media\/2852"}],"wp:attachment":[{"href":"https:\/\/pogrebno.rs\/hu\/wp-json\/wp\/v2\/media?parent=2106"}],"wp:term":[{"taxonomy":"category","embeddable":true,"href":"https:\/\/pogrebno.rs\/hu\/wp-json\/wp\/v2\/categories?post=2106"},{"taxonomy":"post_tag","embeddable":true,"href":"https:\/\/pogrebno.rs\/hu\/wp-json\/wp\/v2\/tags?post=2106"},{"taxonomy":"kategorija_dokumenata","embeddable":true,"href":"https:\/\/pogrebno.rs\/hu\/wp-json\/wp\/v2\/kategorija_dokumenata?post=2106"}],"curies":[{"name":"wp","href":"https:\/\/api.w.org\/{rel}","templated":true}]}}