{"id":3055,"date":"2025-09-27T00:43:35","date_gmt":"2025-09-26T22:43:35","guid":{"rendered":"https:\/\/pogrebno.rs\/?p=3055"},"modified":"2025-10-09T19:22:17","modified_gmt":"2025-10-09T17:22:17","slug":"podignuta-nova-ograda-na-bajskom-grob","status":"publish","type":"post","link":"https:\/\/pogrebno.rs\/hu\/podignuta-nova-ograda-na-bajskom-grob\/","title":{"rendered":"MEG\u00c9P\u00dcLT A BAJAI \u00daTI TEMET\u0150 \u00daJ KER\u00cdT\u00c9SE"},"content":{"rendered":"<div data-elementor-type=\"wp-post\" data-elementor-id=\"3055\" class=\"elementor elementor-3055\" data-elementor-post-type=\"post\">\n\t\t\t\t<div class=\"elementor-element elementor-element-107b1b6c e-flex e-con-boxed e-con e-parent\" data-id=\"107b1b6c\" data-element_type=\"container\" data-e-type=\"container\" data-settings=\"{&quot;background_background&quot;:&quot;classic&quot;}\">\n\t\t\t\t\t<div class=\"e-con-inner\">\n\t\t<div class=\"elementor-element elementor-element-3ccf398 e-con-full e-flex e-con e-child\" data-id=\"3ccf398\" data-element_type=\"container\" data-e-type=\"container\">\n\t\t<div class=\"elementor-element elementor-element-b5fbc5e e-grid e-con-full e-con e-child\" data-id=\"b5fbc5e\" data-element_type=\"container\" data-e-type=\"container\">\n\t\t\t\t<div class=\"elementor-element elementor-element-ba7aa4b elementor-widget__width-initial elementor-widget elementor-widget-image\" data-id=\"ba7aa4b\" data-element_type=\"widget\" data-e-type=\"widget\" data-widget_type=\"image.default\">\n\t\t\t\t<div class=\"elementor-widget-container\">\n\t\t\t\t\t\t\t\t\t\t\t\t\t\t\t<img fetchpriority=\"high\" decoding=\"async\" width=\"630\" height=\"275\" src=\"https:\/\/pogrebno.rs\/wp-content\/uploads\/2025\/05\/Ljiljan-levi.webp\" class=\"attachment-large size-large wp-image-97\" alt=\"\" srcset=\"https:\/\/pogrebno.rs\/wp-content\/uploads\/2025\/05\/Ljiljan-levi.webp 630w, https:\/\/pogrebno.rs\/wp-content\/uploads\/2025\/05\/Ljiljan-levi-300x131.webp 300w\" sizes=\"(max-width: 630px) 100vw, 630px\" \/>\t\t\t\t\t\t\t\t\t\t\t\t\t\t\t<\/div>\n\t\t\t\t<\/div>\n\t\t\t\t<div class=\"elementor-element elementor-element-d757ebb elementor-widget elementor-widget-heading\" data-id=\"d757ebb\" data-element_type=\"widget\" data-e-type=\"widget\" data-widget_type=\"heading.default\">\n\t\t\t\t<div class=\"elementor-widget-container\">\n\t\t\t\t\t<h2 class=\"elementor-heading-title elementor-size-default\">H\u00cdREK<\/h2>\t\t\t\t<\/div>\n\t\t\t\t<\/div>\n\t\t\t\t<div class=\"elementor-element elementor-element-83340bd elementor-widget-tablet__width-initial elementor-widget-mobile__width-initial elementor-widget elementor-widget-image\" data-id=\"83340bd\" data-element_type=\"widget\" data-e-type=\"widget\" data-widget_type=\"image.default\">\n\t\t\t\t<div class=\"elementor-widget-container\">\n\t\t\t\t\t\t\t\t\t\t\t\t\t\t\t<img decoding=\"async\" width=\"631\" height=\"275\" src=\"https:\/\/pogrebno.rs\/wp-content\/uploads\/2025\/05\/Ljiljan-desni.webp\" class=\"attachment-large size-large wp-image-98\" alt=\"\" srcset=\"https:\/\/pogrebno.rs\/wp-content\/uploads\/2025\/05\/Ljiljan-desni.webp 631w, https:\/\/pogrebno.rs\/wp-content\/uploads\/2025\/05\/Ljiljan-desni-300x131.webp 300w\" sizes=\"(max-width: 631px) 100vw, 631px\" \/>\t\t\t\t\t\t\t\t\t\t\t\t\t\t\t<\/div>\n\t\t\t\t<\/div>\n\t\t\t\t<\/div>\n\t\t\t\t<\/div>\n\t\t<div class=\"elementor-element elementor-element-4039e2c e-con-full e-flex e-con e-child\" data-id=\"4039e2c\" data-element_type=\"container\" data-e-type=\"container\">\n\t\t\t\t<div class=\"elementor-element elementor-element-e1db7ce elementor-widget elementor-widget-heading\" data-id=\"e1db7ce\" data-element_type=\"widget\" data-e-type=\"widget\" data-widget_type=\"heading.default\">\n\t\t\t\t<div class=\"elementor-widget-container\">\n\t\t\t\t\t<h2 class=\"elementor-heading-title elementor-size-default\">MEG\u00c9P\u00dcLT A BAJAI \u00daTI TEMET\u0150 \u00daJ KER\u00cdT\u00c9SE<\/h2>\t\t\t\t<\/div>\n\t\t\t\t<\/div>\n\t\t\t\t<div class=\"elementor-element elementor-element-eaace91 elementor-widget elementor-widget-tp-post-meta\" data-id=\"eaace91\" data-element_type=\"widget\" data-e-type=\"widget\" data-widget_type=\"tp-post-meta.default\">\n\t\t\t\t<div class=\"elementor-widget-container\">\n\t\t\t\t\t<div class=\"tp-post-meta-info tp-meta-layout-1\" ><div class=\"tp-post-meta-info-inner\"><span class=\"tp-meta-date\" ><span class=\"tp-meta-date-label tp-meta-label\" ><\/span><a class=\"tp-meta-value\" href=\"https:\/\/pogrebno.rs\/hu\/podignuta-nova-ograda-na-bajskom-grob\/\">2025.09.27<\/a><\/span><span class=\"tp-meta-author\" ><span class=\"tp-meta-author-label tp-meta-label\" >\u00cdrta:<\/span><a class=\"tp-meta-value\" href=\"https:\/\/pogrebno.rs\/hu\/author\/\" rel=\"author\">Pogrebno TKK<\/a><\/span><\/div><\/div>\t\t\t\t<\/div>\n\t\t\t\t<\/div>\n\t\t\t\t<div class=\"elementor-element elementor-element-5cb64466 elementor-widget elementor-widget-text-editor\" data-id=\"5cb64466\" data-element_type=\"widget\" data-e-type=\"widget\" data-widget_type=\"text-editor.default\">\n\t\t\t\t<div class=\"elementor-widget-container\">\n\t\t\t\t\t\t\t\t\t<p>A Bajai \u00fati temet\u0151 k\u00f6zvetlen k\u00f6zel\u00e9ben lak\u00f3 szabadkai polg\u00e1rt\u00e1rsunk k\u00e9relme alapj\u00e1n a Pogrebno TKK a nem biztons\u00e1gos, romos \u00e1llapotban l\u00e9v\u0151 ker\u00edt\u00e9sr\u00e9szt \u00fajjal helyettes\u00edtette.<br \/>A 15 m\u00e9ter hossz\u00fa ker\u00edt\u00e9s 2 m\u00e9ter magas, falazott oszlopokkal \u00e9s betonozott alappal.<br \/>A munk\u00e1latok \u00e9s a nyersanyan \u00f6ssz\u00e9rt\u00e9ke 393.831,74 din\u00e1r. Az \u00e1r tartalmazza az \u00c1FA-t.<\/p>\t\t\t\t\t\t\t\t<\/div>\n\t\t\t\t<\/div>\n\t\t<div class=\"elementor-element elementor-element-a5381f5 e-con-full e-flex e-con e-child\" data-id=\"a5381f5\" data-element_type=\"container\" data-e-type=\"container\">\n\t\t<div class=\"elementor-element elementor-element-8ad7836 e-con-full e-flex e-con e-child\" data-id=\"8ad7836\" data-element_type=\"container\" data-e-type=\"container\">\n\t\t\t\t<div class=\"elementor-element elementor-element-d59df9f elementor-widget elementor-widget-image\" data-id=\"d59df9f\" data-element_type=\"widget\" data-e-type=\"widget\" data-widget_type=\"image.default\">\n\t\t\t\t<div class=\"elementor-widget-container\">\n\t\t\t\t\t\t\t\t\t\t\t\t\t\t\t<img decoding=\"async\" width=\"800\" height=\"599\" src=\"https:\/\/pogrebno.rs\/wp-content\/uploads\/2025\/09\/ograda-Bajsko-groblje-1.jpg\" class=\"attachment-large size-large wp-image-3056\" alt=\"\" srcset=\"https:\/\/pogrebno.rs\/wp-content\/uploads\/2025\/09\/ograda-Bajsko-groblje-1.jpg 800w, https:\/\/pogrebno.rs\/wp-content\/uploads\/2025\/09\/ograda-Bajsko-groblje-1-300x225.jpg 300w, https:\/\/pogrebno.rs\/wp-content\/uploads\/2025\/09\/ograda-Bajsko-groblje-1-768x575.jpg 768w, https:\/\/pogrebno.rs\/wp-content\/uploads\/2025\/09\/ograda-Bajsko-groblje-1-16x12.jpg 16w\" sizes=\"(max-width: 800px) 100vw, 800px\" \/>\t\t\t\t\t\t\t\t\t\t\t\t\t\t\t<\/div>\n\t\t\t\t<\/div>\n\t\t\t\t<\/div>\n\t\t<div class=\"elementor-element elementor-element-a520dd1 e-con-full e-flex e-con e-child\" data-id=\"a520dd1\" data-element_type=\"container\" data-e-type=\"container\">\n\t\t\t\t<div class=\"elementor-element elementor-element-1d5481c elementor-widget elementor-widget-image\" data-id=\"1d5481c\" data-element_type=\"widget\" data-e-type=\"widget\" data-widget_type=\"image.default\">\n\t\t\t\t<div class=\"elementor-widget-container\">\n\t\t\t\t\t\t\t\t\t\t\t\t\t\t\t<img loading=\"lazy\" decoding=\"async\" width=\"800\" height=\"600\" src=\"https:\/\/pogrebno.rs\/wp-content\/uploads\/2025\/09\/ograda-Bajsko-groblje-2.jpg\" class=\"attachment-large size-large wp-image-3059\" alt=\"\" srcset=\"https:\/\/pogrebno.rs\/wp-content\/uploads\/2025\/09\/ograda-Bajsko-groblje-2.jpg 800w, https:\/\/pogrebno.rs\/wp-content\/uploads\/2025\/09\/ograda-Bajsko-groblje-2-300x225.jpg 300w, https:\/\/pogrebno.rs\/wp-content\/uploads\/2025\/09\/ograda-Bajsko-groblje-2-768x576.jpg 768w, https:\/\/pogrebno.rs\/wp-content\/uploads\/2025\/09\/ograda-Bajsko-groblje-2-16x12.jpg 16w\" sizes=\"(max-width: 800px) 100vw, 800px\" \/>\t\t\t\t\t\t\t\t\t\t\t\t\t\t\t<\/div>\n\t\t\t\t<\/div>\n\t\t\t\t<\/div>\n\t\t\t\t<\/div>\n\t\t\t\t<\/div>\n\t\t\t\t\t<\/div>\n\t\t\t\t<\/div>\n\t\t\t\t<\/div>","protected":false},"excerpt":{"rendered":"<p>VESTI PODIGNUTA NOVA OGRADA NA BAJSKOM GROBLJU 27.09.2025ByJKP Pogrebno Na zahtev Suboti\u010danke koja \u017eivi neposredno pored Bajskog groblja, J\u041aP \u201ePogrebno\u201c Subotica je dotrajalu i nebezbednu ogradu zamenilo novom.Podignuta je ograda od cigle visine 2 metra, sa zidanim stubovima i izlivenim betonskim temeljom ukupne du\u017eine od 15 metara.Vrednost izvedenih radova i gra\u0111evinskog materijala je 393.831,74 dinara, [&hellip;]<\/p>\n","protected":false},"author":5,"featured_media":3056,"comment_status":"closed","ping_status":"closed","sticky":false,"template":"","format":"standard","meta":{"_acf_changed":false,"_eb_attr":"","footnotes":""},"categories":[16],"tags":[],"kategorija_dokumenata":[],"class_list":["post-3055","post","type-post","status-publish","format-standard","has-post-thumbnail","hentry","category-vesti"],"acf":[],"_links":{"self":[{"href":"https:\/\/pogrebno.rs\/hu\/wp-json\/wp\/v2\/posts\/3055","targetHints":{"allow":["GET"]}}],"collection":[{"href":"https:\/\/pogrebno.rs\/hu\/wp-json\/wp\/v2\/posts"}],"about":[{"href":"https:\/\/pogrebno.rs\/hu\/wp-json\/wp\/v2\/types\/post"}],"author":[{"embeddable":true,"href":"https:\/\/pogrebno.rs\/hu\/wp-json\/wp\/v2\/users\/5"}],"replies":[{"embeddable":true,"href":"https:\/\/pogrebno.rs\/hu\/wp-json\/wp\/v2\/comments?post=3055"}],"version-history":[{"count":27,"href":"https:\/\/pogrebno.rs\/hu\/wp-json\/wp\/v2\/posts\/3055\/revisions"}],"predecessor-version":[{"id":4735,"href":"https:\/\/pogrebno.rs\/hu\/wp-json\/wp\/v2\/posts\/3055\/revisions\/4735"}],"wp:featuredmedia":[{"embeddable":true,"href":"https:\/\/pogrebno.rs\/hu\/wp-json\/wp\/v2\/media\/3056"}],"wp:attachment":[{"href":"https:\/\/pogrebno.rs\/hu\/wp-json\/wp\/v2\/media?parent=3055"}],"wp:term":[{"taxonomy":"category","embeddable":true,"href":"https:\/\/pogrebno.rs\/hu\/wp-json\/wp\/v2\/categories?post=3055"},{"taxonomy":"post_tag","embeddable":true,"href":"https:\/\/pogrebno.rs\/hu\/wp-json\/wp\/v2\/tags?post=3055"},{"taxonomy":"kategorija_dokumenata","embeddable":true,"href":"https:\/\/pogrebno.rs\/hu\/wp-json\/wp\/v2\/kategorija_dokumenata?post=3055"}],"curies":[{"name":"wp","href":"https:\/\/api.w.org\/{rel}","templated":true}]}}