{"id":3181,"date":"2025-09-28T00:11:31","date_gmt":"2025-09-27T22:11:31","guid":{"rendered":"https:\/\/pogrebno.rs\/?p=3181"},"modified":"2025-10-09T19:19:28","modified_gmt":"2025-10-09T17:19:28","slug":"zavrseno-postavljanje-ograda-na-palickom-groblju","status":"publish","type":"post","link":"https:\/\/pogrebno.rs\/hu\/zavrseno-postavljanje-ograda-na-palickom-groblju\/","title":{"rendered":"BEFEJEZ\u0150D\u00d6TT A PALICSI TEMET\u0150 KER\u00cdT\u00c9S\u00c9NEK MEG\u00c9P\u00cdT\u00c9SE"},"content":{"rendered":"<div data-elementor-type=\"wp-post\" data-elementor-id=\"3181\" class=\"elementor elementor-3181\" data-elementor-post-type=\"post\">\n\t\t\t\t<div class=\"elementor-element elementor-element-107b1b6c e-flex e-con-boxed e-con e-parent\" data-id=\"107b1b6c\" data-element_type=\"container\" data-e-type=\"container\" data-settings=\"{&quot;background_background&quot;:&quot;classic&quot;}\">\n\t\t\t\t\t<div class=\"e-con-inner\">\n\t\t<div class=\"elementor-element elementor-element-3ccf398 e-con-full e-flex e-con e-child\" data-id=\"3ccf398\" data-element_type=\"container\" data-e-type=\"container\">\n\t\t<div class=\"elementor-element elementor-element-b5fbc5e e-grid e-con-full e-con e-child\" data-id=\"b5fbc5e\" data-element_type=\"container\" data-e-type=\"container\">\n\t\t\t\t<div class=\"elementor-element elementor-element-ba7aa4b elementor-widget__width-initial elementor-widget elementor-widget-image\" data-id=\"ba7aa4b\" data-element_type=\"widget\" data-e-type=\"widget\" data-widget_type=\"image.default\">\n\t\t\t\t<div class=\"elementor-widget-container\">\n\t\t\t\t\t\t\t\t\t\t\t\t\t\t\t<img fetchpriority=\"high\" decoding=\"async\" width=\"630\" height=\"275\" src=\"https:\/\/pogrebno.rs\/wp-content\/uploads\/2025\/05\/Ljiljan-levi.webp\" class=\"attachment-large size-large wp-image-97\" alt=\"\" srcset=\"https:\/\/pogrebno.rs\/wp-content\/uploads\/2025\/05\/Ljiljan-levi.webp 630w, https:\/\/pogrebno.rs\/wp-content\/uploads\/2025\/05\/Ljiljan-levi-300x131.webp 300w\" sizes=\"(max-width: 630px) 100vw, 630px\" \/>\t\t\t\t\t\t\t\t\t\t\t\t\t\t\t<\/div>\n\t\t\t\t<\/div>\n\t\t\t\t<div class=\"elementor-element elementor-element-d757ebb elementor-widget elementor-widget-heading\" data-id=\"d757ebb\" data-element_type=\"widget\" data-e-type=\"widget\" data-widget_type=\"heading.default\">\n\t\t\t\t<div class=\"elementor-widget-container\">\n\t\t\t\t\t<h2 class=\"elementor-heading-title elementor-size-default\">H\u00cdREK<\/h2>\t\t\t\t<\/div>\n\t\t\t\t<\/div>\n\t\t\t\t<div class=\"elementor-element elementor-element-83340bd elementor-widget-tablet__width-initial elementor-widget-mobile__width-initial elementor-widget elementor-widget-image\" data-id=\"83340bd\" data-element_type=\"widget\" data-e-type=\"widget\" data-widget_type=\"image.default\">\n\t\t\t\t<div class=\"elementor-widget-container\">\n\t\t\t\t\t\t\t\t\t\t\t\t\t\t\t<img decoding=\"async\" width=\"631\" height=\"275\" src=\"https:\/\/pogrebno.rs\/wp-content\/uploads\/2025\/05\/Ljiljan-desni.webp\" class=\"attachment-large size-large wp-image-98\" alt=\"\" srcset=\"https:\/\/pogrebno.rs\/wp-content\/uploads\/2025\/05\/Ljiljan-desni.webp 631w, https:\/\/pogrebno.rs\/wp-content\/uploads\/2025\/05\/Ljiljan-desni-300x131.webp 300w\" sizes=\"(max-width: 631px) 100vw, 631px\" \/>\t\t\t\t\t\t\t\t\t\t\t\t\t\t\t<\/div>\n\t\t\t\t<\/div>\n\t\t\t\t<\/div>\n\t\t\t\t<\/div>\n\t\t<div class=\"elementor-element elementor-element-4039e2c e-con-full e-flex e-con e-child\" data-id=\"4039e2c\" data-element_type=\"container\" data-e-type=\"container\">\n\t\t\t\t<div class=\"elementor-element elementor-element-e1db7ce elementor-widget elementor-widget-heading\" data-id=\"e1db7ce\" data-element_type=\"widget\" data-e-type=\"widget\" data-widget_type=\"heading.default\">\n\t\t\t\t<div class=\"elementor-widget-container\">\n\t\t\t\t\t<h2 class=\"elementor-heading-title elementor-size-default\">BEFEJEZ\u0150D\u00d6TT A PALICSI TEMET\u0150 KER\u00cdT\u00c9S\u00c9NEK MEG\u00c9P\u00cdT\u00c9SE<\/h2>\t\t\t\t<\/div>\n\t\t\t\t<\/div>\n\t\t\t\t<div class=\"elementor-element elementor-element-70cd8e5 elementor-widget elementor-widget-tp-post-meta\" data-id=\"70cd8e5\" data-element_type=\"widget\" data-e-type=\"widget\" data-widget_type=\"tp-post-meta.default\">\n\t\t\t\t<div class=\"elementor-widget-container\">\n\t\t\t\t\t<div class=\"tp-post-meta-info tp-meta-layout-1\" ><div class=\"tp-post-meta-info-inner\"><span class=\"tp-meta-date\" ><span class=\"tp-meta-date-label tp-meta-label\" ><\/span><a class=\"tp-meta-value\" href=\"https:\/\/pogrebno.rs\/hu\/zavrseno-postavljanje-ograda-na-palickom-groblju\/\">2025.09.28<\/a><\/span><span class=\"tp-meta-author\" ><span class=\"tp-meta-author-label tp-meta-label\" >\u00cdrta:<\/span><a class=\"tp-meta-value\" href=\"https:\/\/pogrebno.rs\/hu\/author\/\" rel=\"author\">Pogrebno TKK<\/a><\/span><\/div><\/div>\t\t\t\t<\/div>\n\t\t\t\t<\/div>\n\t\t\t\t<div class=\"elementor-element elementor-element-5cb64466 elementor-widget elementor-widget-text-editor\" data-id=\"5cb64466\" data-element_type=\"widget\" data-e-type=\"widget\" data-widget_type=\"text-editor.default\">\n\t\t\t\t<div class=\"elementor-widget-container\">\n\t\t\t\t\t\t\t\t\t<p>A ny\u00e1r folyam\u00e1n a szabadkai Pogrebno TKK befejezte a palicsi temet\u0151 ker\u00edt\u00e9s\u00e9nek meg\u00e9p\u00edt\u00e9s\u00e9t. \u00cdgy, a Vad\u00e1sz utcai oldalr\u00f3l a b\u0151v\u00edt\u00e9si folyamatok ut\u00e1n elker\u00edtett\u00fck \u00e9s megjel\u00f6lt\u00fck a temet\u0151 ter\u00fclet\u00e9t. A palicsi temet\u0151 haszn\u00e1lat\u00e1t a V\u00e1rosi tan\u00e1cs 2013. m\u00e1jus 14-ei \u00fcl\u00e9s\u00e9nek III-464-130\/2013 sz\u00e1m\u00fa d\u00f6nt\u00e9s\u00e9ben ruh\u00e1zta \u00e1t a Pogrebno TKK-nak.<\/p><p>Az 50,6 m\u00e9ter hossz\u00fa ker\u00edt\u00e9s 30 beton oszlopb\u00f3l \u00e1ll, amelyek 3 m magasak, 10x10 cm m\u00e9retben, k\u00e9tm\u00e9terenk\u00e9nti elhelyez\u00e9ssel. A dr\u00f3th\u00e1l\u00f3 2 m\u00e9ter magas, \u00e9s a megszokott, horganyozott huzal h\u00e1rom ponton t\u00f6rt\u00e9n\u0151 bef\u0171z\u00e9s\u00e9vel meger\u0151s\u00edtve.<\/p><p>Az elhaszn\u00e1lt nyersanyagok \u00e9s munkav\u00e9gz\u00e9si d\u00edjak \u00f6sszesen 209.892,80 din\u00e1rt tettek ki (az \u00f6sszeg tartalmazza az \u00c1FA-t).<\/p>\t\t\t\t\t\t\t\t<\/div>\n\t\t\t\t<\/div>\n\t\t<div class=\"elementor-element elementor-element-a5381f5 e-con-full e-flex e-con e-child\" data-id=\"a5381f5\" data-element_type=\"container\" data-e-type=\"container\">\n\t\t<div class=\"elementor-element elementor-element-8ad7836 e-con-full e-flex e-con e-child\" data-id=\"8ad7836\" data-element_type=\"container\" data-e-type=\"container\">\n\t\t\t\t<div class=\"elementor-element elementor-element-d59df9f elementor-widget elementor-widget-image\" data-id=\"d59df9f\" data-element_type=\"widget\" data-e-type=\"widget\" data-widget_type=\"image.default\">\n\t\t\t\t<div class=\"elementor-widget-container\">\n\t\t\t\t\t\t\t\t\t\t\t\t\t\t\t<img decoding=\"async\" width=\"800\" height=\"593\" src=\"https:\/\/pogrebno.rs\/wp-content\/uploads\/2025\/09\/ograda-palic-2-1024x759.jpg\" class=\"attachment-large size-large wp-image-3184\" alt=\"\" srcset=\"https:\/\/pogrebno.rs\/wp-content\/uploads\/2025\/09\/ograda-palic-2-1024x759.jpg 1024w, https:\/\/pogrebno.rs\/wp-content\/uploads\/2025\/09\/ograda-palic-2-300x222.jpg 300w, https:\/\/pogrebno.rs\/wp-content\/uploads\/2025\/09\/ograda-palic-2-768x569.jpg 768w, https:\/\/pogrebno.rs\/wp-content\/uploads\/2025\/09\/ograda-palic-2-16x12.jpg 16w, https:\/\/pogrebno.rs\/wp-content\/uploads\/2025\/09\/ograda-palic-2.jpg 1476w\" sizes=\"(max-width: 800px) 100vw, 800px\" \/>\t\t\t\t\t\t\t\t\t\t\t\t\t\t\t<\/div>\n\t\t\t\t<\/div>\n\t\t\t\t<\/div>\n\t\t<div class=\"elementor-element elementor-element-a520dd1 e-con-full e-flex e-con e-child\" data-id=\"a520dd1\" data-element_type=\"container\" data-e-type=\"container\">\n\t\t\t\t<div class=\"elementor-element elementor-element-1d5481c elementor-widget elementor-widget-image\" data-id=\"1d5481c\" data-element_type=\"widget\" data-e-type=\"widget\" data-widget_type=\"image.default\">\n\t\t\t\t<div class=\"elementor-widget-container\">\n\t\t\t\t\t\t\t\t\t\t\t\t\t\t\t<img loading=\"lazy\" decoding=\"async\" width=\"800\" height=\"600\" src=\"https:\/\/pogrebno.rs\/wp-content\/uploads\/2025\/09\/ograda-palic-3.jpg\" class=\"attachment-large size-large wp-image-3185\" alt=\"\" srcset=\"https:\/\/pogrebno.rs\/wp-content\/uploads\/2025\/09\/ograda-palic-3.jpg 800w, https:\/\/pogrebno.rs\/wp-content\/uploads\/2025\/09\/ograda-palic-3-300x225.jpg 300w, https:\/\/pogrebno.rs\/wp-content\/uploads\/2025\/09\/ograda-palic-3-768x576.jpg 768w, https:\/\/pogrebno.rs\/wp-content\/uploads\/2025\/09\/ograda-palic-3-16x12.jpg 16w\" sizes=\"(max-width: 800px) 100vw, 800px\" \/>\t\t\t\t\t\t\t\t\t\t\t\t\t\t\t<\/div>\n\t\t\t\t<\/div>\n\t\t\t\t<\/div>\n\t\t\t\t<\/div>\n\t\t\t\t<\/div>\n\t\t\t\t\t<\/div>\n\t\t\t\t<\/div>\n\t\t\t\t<\/div>","protected":false},"excerpt":{"rendered":"<p>VESTI ZAVR\u0160ENO POSTAVLJANJE OGRADA NA PALI\u0106KOM GROBLJU 28.09.2025ByJKP Pogrebno Tokom leta JKP \u201ePogrebno\u201c Subotica je zavr\u0161ilo postavljanje ograda na Pali\u0107kom groblju. Na taj na\u010din je sa frontalne strane, odnosno du\u017e Lova\u010dke ulice, Pali\u0107ko groblje ogra\u0111eno i ozna\u010deno nakon pro\u0161irenja. Ovo groblje je preduze\u0107u dato na kori\u0161\u0107enje Odlukom Gradskog ve\u0107a grada Subotice broj III-464-130\/2013 od 14. [&hellip;]<\/p>\n","protected":false},"author":5,"featured_media":3182,"comment_status":"closed","ping_status":"closed","sticky":false,"template":"","format":"standard","meta":{"_acf_changed":false,"_eb_attr":"","footnotes":""},"categories":[16],"tags":[],"kategorija_dokumenata":[],"class_list":["post-3181","post","type-post","status-publish","format-standard","has-post-thumbnail","hentry","category-vesti"],"acf":[],"_links":{"self":[{"href":"https:\/\/pogrebno.rs\/hu\/wp-json\/wp\/v2\/posts\/3181","targetHints":{"allow":["GET"]}}],"collection":[{"href":"https:\/\/pogrebno.rs\/hu\/wp-json\/wp\/v2\/posts"}],"about":[{"href":"https:\/\/pogrebno.rs\/hu\/wp-json\/wp\/v2\/types\/post"}],"author":[{"embeddable":true,"href":"https:\/\/pogrebno.rs\/hu\/wp-json\/wp\/v2\/users\/5"}],"replies":[{"embeddable":true,"href":"https:\/\/pogrebno.rs\/hu\/wp-json\/wp\/v2\/comments?post=3181"}],"version-history":[{"count":7,"href":"https:\/\/pogrebno.rs\/hu\/wp-json\/wp\/v2\/posts\/3181\/revisions"}],"predecessor-version":[{"id":4729,"href":"https:\/\/pogrebno.rs\/hu\/wp-json\/wp\/v2\/posts\/3181\/revisions\/4729"}],"wp:featuredmedia":[{"embeddable":true,"href":"https:\/\/pogrebno.rs\/hu\/wp-json\/wp\/v2\/media\/3182"}],"wp:attachment":[{"href":"https:\/\/pogrebno.rs\/hu\/wp-json\/wp\/v2\/media?parent=3181"}],"wp:term":[{"taxonomy":"category","embeddable":true,"href":"https:\/\/pogrebno.rs\/hu\/wp-json\/wp\/v2\/categories?post=3181"},{"taxonomy":"post_tag","embeddable":true,"href":"https:\/\/pogrebno.rs\/hu\/wp-json\/wp\/v2\/tags?post=3181"},{"taxonomy":"kategorija_dokumenata","embeddable":true,"href":"https:\/\/pogrebno.rs\/hu\/wp-json\/wp\/v2\/kategorija_dokumenata?post=3181"}],"curies":[{"name":"wp","href":"https:\/\/api.w.org\/{rel}","templated":true}]}}