{"id":6951,"date":"2025-11-25T16:09:59","date_gmt":"2025-11-25T15:09:59","guid":{"rendered":"https:\/\/pogrebno.rs\/?p=6951"},"modified":"2025-11-26T22:50:04","modified_gmt":"2025-11-26T21:50:04","slug":"obavestenje-o-zatvaranju-cesmi-na-grobljima","status":"publish","type":"post","link":"https:\/\/pogrebno.rs\/hu\/obavestenje-o-zatvaranju-cesmi-na-grobljima\/","title":{"rendered":"\u00c9RTES\u00cdT\u00c9S A TEMET\u0150 CSAPJAINAK ELZ\u00c1R\u00c1S\u00c1R\u00d3L"},"content":{"rendered":"<div data-elementor-type=\"wp-post\" data-elementor-id=\"6951\" class=\"elementor elementor-6951\" data-elementor-post-type=\"post\">\n\t\t\t\t<div class=\"elementor-element elementor-element-1757e335 e-flex e-con-boxed e-con e-parent\" data-id=\"1757e335\" data-element_type=\"container\" data-e-type=\"container\" data-settings=\"{&quot;background_background&quot;:&quot;classic&quot;}\">\n\t\t\t\t\t<div class=\"e-con-inner\">\n\t\t<div class=\"elementor-element elementor-element-f766c88 e-con-full e-flex e-con e-child\" data-id=\"f766c88\" data-element_type=\"container\" data-e-type=\"container\">\n\t\t<div class=\"elementor-element elementor-element-c2d1131 e-grid e-con-full e-con e-child\" data-id=\"c2d1131\" data-element_type=\"container\" data-e-type=\"container\">\n\t\t\t\t<div class=\"elementor-element elementor-element-65689f0 elementor-widget__width-initial elementor-widget elementor-widget-image\" data-id=\"65689f0\" data-element_type=\"widget\" data-e-type=\"widget\" data-widget_type=\"image.default\">\n\t\t\t\t<div class=\"elementor-widget-container\">\n\t\t\t\t\t\t\t\t\t\t\t\t\t\t\t<img fetchpriority=\"high\" decoding=\"async\" width=\"630\" height=\"275\" src=\"https:\/\/pogrebno.rs\/wp-content\/uploads\/2025\/05\/Ljiljan-levi.webp\" class=\"attachment-large size-large wp-image-97\" alt=\"\" srcset=\"https:\/\/pogrebno.rs\/wp-content\/uploads\/2025\/05\/Ljiljan-levi.webp 630w, https:\/\/pogrebno.rs\/wp-content\/uploads\/2025\/05\/Ljiljan-levi-300x131.webp 300w\" sizes=\"(max-width: 630px) 100vw, 630px\" \/>\t\t\t\t\t\t\t\t\t\t\t\t\t\t\t<\/div>\n\t\t\t\t<\/div>\n\t\t\t\t<div class=\"elementor-element elementor-element-99113e7 elementor-widget elementor-widget-heading\" data-id=\"99113e7\" data-element_type=\"widget\" data-e-type=\"widget\" data-widget_type=\"heading.default\">\n\t\t\t\t<div class=\"elementor-widget-container\">\n\t\t\t\t\t<h2 class=\"elementor-heading-title elementor-size-default\">H\u00cdREK<\/h2>\t\t\t\t<\/div>\n\t\t\t\t<\/div>\n\t\t\t\t<div class=\"elementor-element elementor-element-743edd1 elementor-widget-tablet__width-initial elementor-widget-mobile__width-initial elementor-widget elementor-widget-image\" data-id=\"743edd1\" data-element_type=\"widget\" data-e-type=\"widget\" data-widget_type=\"image.default\">\n\t\t\t\t<div class=\"elementor-widget-container\">\n\t\t\t\t\t\t\t\t\t\t\t\t\t\t\t<img decoding=\"async\" width=\"631\" height=\"275\" src=\"https:\/\/pogrebno.rs\/wp-content\/uploads\/2025\/05\/Ljiljan-desni.webp\" class=\"attachment-large size-large wp-image-98\" alt=\"\" srcset=\"https:\/\/pogrebno.rs\/wp-content\/uploads\/2025\/05\/Ljiljan-desni.webp 631w, https:\/\/pogrebno.rs\/wp-content\/uploads\/2025\/05\/Ljiljan-desni-300x131.webp 300w\" sizes=\"(max-width: 631px) 100vw, 631px\" \/>\t\t\t\t\t\t\t\t\t\t\t\t\t\t\t<\/div>\n\t\t\t\t<\/div>\n\t\t\t\t<\/div>\n\t\t\t\t<\/div>\n\t\t<div class=\"elementor-element elementor-element-e8b228c e-con-full e-flex e-con e-child\" data-id=\"e8b228c\" data-element_type=\"container\" data-e-type=\"container\">\n\t\t\t\t<div class=\"elementor-element elementor-element-c230744 elementor-widget elementor-widget-heading\" data-id=\"c230744\" data-element_type=\"widget\" data-e-type=\"widget\" data-widget_type=\"heading.default\">\n\t\t\t\t<div class=\"elementor-widget-container\">\n\t\t\t\t\t<h2 class=\"elementor-heading-title elementor-size-default\">\u00c9RTES\u00cdT\u00c9S A TEMET\u0150 CSAPJAINAK ELZ\u00c1R\u00c1S\u00c1R\u00d3L<\/h2>\t\t\t\t<\/div>\n\t\t\t\t<\/div>\n\t\t\t\t<div class=\"elementor-element elementor-element-60abd90 elementor-widget elementor-widget-tp-post-meta\" data-id=\"60abd90\" data-element_type=\"widget\" data-e-type=\"widget\" data-widget_type=\"tp-post-meta.default\">\n\t\t\t\t<div class=\"elementor-widget-container\">\n\t\t\t\t\t<div class=\"tp-post-meta-info tp-meta-layout-1\" ><div class=\"tp-post-meta-info-inner\"><span class=\"tp-meta-date\" ><span class=\"tp-meta-date-label tp-meta-label\" ><\/span><a class=\"tp-meta-value\" href=\"https:\/\/pogrebno.rs\/hu\/obavestenje-o-zatvaranju-cesmi-na-grobljima\/\">2025.11.25<\/a><\/span><span class=\"tp-meta-author\" ><span class=\"tp-meta-author-label tp-meta-label\" >\u00cdrta:<\/span><a class=\"tp-meta-value\" href=\"https:\/\/pogrebno.rs\/hu\/author\/\" rel=\"author\">Pogrebno TKK<\/a><\/span><\/div><\/div>\t\t\t\t<\/div>\n\t\t\t\t<\/div>\n\t\t\t\t<div class=\"elementor-element elementor-element-4684c899 elementor-widget elementor-widget-text-editor\" data-id=\"4684c899\" data-element_type=\"widget\" data-e-type=\"widget\" data-widget_type=\"text-editor.default\">\n\t\t\t\t<div class=\"elementor-widget-container\">\n\t\t\t\t\t\t\t\t\t<p style=\"font-weight: 400;\">A Pogrebno Temetkez\u00e9si Kommun\u00e1lis K\u00f6zv\u00e1llalat \u00e1ltal karbantartott temet\u0151kben 2025. november 25-\u00e9t\u0151l a csapokat elz\u00e1rj\u00e1k a v\u00e1rhat\u00f3 hidegek miatt. A t\u00e9l v\u00e9gezt\u00e9vel a csapok \u00fajra rendelkez\u00e9sre \u00e1llnak majd a l\u00e1togat\u00f3k sz\u00e1m\u00e1ra.<\/p><p style=\"font-weight: 400;\">Megragadjuk az alkalmat, hogy eml\u00e9keztess\u00fck a l\u00e1togat\u00f3kat a s\u00edreml\u00e9kek v\u00e1z\u00e1inak felk\u00e9sz\u00edt\u00e9s\u00e9re a t\u00e9li id\u0151szakra. Aj\u00e1nlatos a v\u00edz elt\u00e1vol\u00edt\u00e1sa \u00e9s a v\u00e1z\u00e1k lefed\u00e9se, megakad\u00e1lyozva ezzel a csapad\u00e9k \u00f6sszegy\u0171l\u00e9s\u00e9t, a fagy\u00e1st, \u00e9s az ebb\u0151l sz\u00e1rmaz\u00f3 k\u00e1rok el\u0151fordul\u00e1s\u00e1t.<\/p>\t\t\t\t\t\t\t\t<\/div>\n\t\t\t\t<\/div>\n\t\t<div class=\"elementor-element elementor-element-e29f07d e-con-full e-flex e-con e-child\" data-id=\"e29f07d\" data-element_type=\"container\" data-e-type=\"container\">\n\t\t\t\t<div class=\"elementor-element elementor-element-1c9a576 elementor-widget elementor-widget-image\" data-id=\"1c9a576\" data-element_type=\"widget\" data-e-type=\"widget\" data-widget_type=\"image.default\">\n\t\t\t\t<div class=\"elementor-widget-container\">\n\t\t\t\t\t\t\t\t\t\t\t\t\t\t\t<img decoding=\"async\" width=\"800\" height=\"700\" src=\"https:\/\/pogrebno.rs\/wp-content\/uploads\/2025\/11\/Cesma.png\" class=\"attachment-large size-large wp-image-6953\" alt=\"\" srcset=\"https:\/\/pogrebno.rs\/wp-content\/uploads\/2025\/11\/Cesma.png 893w, https:\/\/pogrebno.rs\/wp-content\/uploads\/2025\/11\/Cesma-300x262.png 300w, https:\/\/pogrebno.rs\/wp-content\/uploads\/2025\/11\/Cesma-768x672.png 768w, https:\/\/pogrebno.rs\/wp-content\/uploads\/2025\/11\/Cesma-14x12.png 14w\" sizes=\"(max-width: 800px) 100vw, 800px\" \/>\t\t\t\t\t\t\t\t\t\t\t\t\t\t\t<\/div>\n\t\t\t\t<\/div>\n\t\t\t\t<\/div>\n\t\t\t\t<\/div>\n\t\t\t\t\t<\/div>\n\t\t\t\t<\/div>\n\t\t\t\t<\/div>","protected":false},"excerpt":{"rendered":"<p>VESTI OBAVE\u0160TENJE O ZATVARANJU \u010cESMI NA GROBLJIMA 25.11.2025ByJKP Pogrebno Dana 25. novembra 2025. godine, \u010desme na grobljima kojima upravlja JKP Pogrebno Subotica se zatvaraju, usled nastupanja zimskog perioda i niskih temperatura. \u010cesme \u0107e biti pu\u0161tene u rad po isteku zimskog perioda. Istovremeno, podse\u0107amo sve koji pose\u0107uju grobna mesta da je pravo vreme da zazime vaze, [&hellip;]<\/p>\n","protected":false},"author":5,"featured_media":6953,"comment_status":"closed","ping_status":"closed","sticky":false,"template":"","format":"standard","meta":{"_acf_changed":false,"_eb_attr":"","footnotes":""},"categories":[16],"tags":[],"kategorija_dokumenata":[],"class_list":["post-6951","post","type-post","status-publish","format-standard","has-post-thumbnail","hentry","category-vesti"],"acf":[],"_links":{"self":[{"href":"https:\/\/pogrebno.rs\/hu\/wp-json\/wp\/v2\/posts\/6951","targetHints":{"allow":["GET"]}}],"collection":[{"href":"https:\/\/pogrebno.rs\/hu\/wp-json\/wp\/v2\/posts"}],"about":[{"href":"https:\/\/pogrebno.rs\/hu\/wp-json\/wp\/v2\/types\/post"}],"author":[{"embeddable":true,"href":"https:\/\/pogrebno.rs\/hu\/wp-json\/wp\/v2\/users\/5"}],"replies":[{"embeddable":true,"href":"https:\/\/pogrebno.rs\/hu\/wp-json\/wp\/v2\/comments?post=6951"}],"version-history":[{"count":5,"href":"https:\/\/pogrebno.rs\/hu\/wp-json\/wp\/v2\/posts\/6951\/revisions"}],"predecessor-version":[{"id":6974,"href":"https:\/\/pogrebno.rs\/hu\/wp-json\/wp\/v2\/posts\/6951\/revisions\/6974"}],"wp:featuredmedia":[{"embeddable":true,"href":"https:\/\/pogrebno.rs\/hu\/wp-json\/wp\/v2\/media\/6953"}],"wp:attachment":[{"href":"https:\/\/pogrebno.rs\/hu\/wp-json\/wp\/v2\/media?parent=6951"}],"wp:term":[{"taxonomy":"category","embeddable":true,"href":"https:\/\/pogrebno.rs\/hu\/wp-json\/wp\/v2\/categories?post=6951"},{"taxonomy":"post_tag","embeddable":true,"href":"https:\/\/pogrebno.rs\/hu\/wp-json\/wp\/v2\/tags?post=6951"},{"taxonomy":"kategorija_dokumenata","embeddable":true,"href":"https:\/\/pogrebno.rs\/hu\/wp-json\/wp\/v2\/kategorija_dokumenata?post=6951"}],"curies":[{"name":"wp","href":"https:\/\/api.w.org\/{rel}","templated":true}]}}